{"id":114083,"date":"2026-01-20T12:39:29","date_gmt":"2026-01-20T11:39:29","guid":{"rendered":"https:\/\/tadaaz.de\/blog\/?p=114083"},"modified":"2026-03-31T17:37:13","modified_gmt":"2026-03-31T15:37:13","slug":"wann-ist-die-kommunion-2026-alle-wichtigen-termine-planungsinfos","status":"publish","type":"post","link":"https:\/\/tadaaz.de\/blog\/de\/kommunion-konfirmation\/wann-ist-die-kommunion-2026-alle-wichtigen-termine-planungsinfos\/","title":{"rendered":"Wann ist die Kommunion 2026? Alle wichtigen Termine &#038; Planungsinfos"},"content":{"rendered":"\n<p>Die Erstkommunion ist ein ganz besonderer Tag im Leben deines Kindes und ein wichtiges Familienfest. Damit du rechtzeitig planen kannst, stellt sich die Frage: <strong>Wann ist die Kommunion 2026?<\/strong> In diesem Beitrag erf\u00e4hrst du die ungef\u00e4hren Zeitr\u00e4ume f\u00fcr 2026 in Deutschland, speziell f\u00fcr <strong>Kommunion 2026 in NRW<\/strong>, <strong>Kommunion 2026 in Bayern<\/strong> und alle anderen Bundesl\u00e4nder. Au\u00dferdem geben wir dir Tipps zur Vorbereitung und Planung.<\/p>\n\n\n\n<h2 class=\"wp-block-heading\">Kommunion 2026 in Deutschland: \u00dcberblick<\/h2>\n\n\n\n<p>In Deutschland findet die Erstkommunion traditionell im Fr\u00fchjahr statt. Die genauen Termine legt jede Kirchengemeinde oder jedes Bistum selbst fest. Aus Erfahrung und nach den \u00fcblichen Mustern der letzten Jahre lassen sich jedoch ungef\u00e4hre Zeitr\u00e4ume ableiten, in denen die meisten Gemeinden die Kommunion 2026 feiern.<\/p>\n\n\n\n<hr class=\"wp-block-separator has-alpha-channel-opacity\"\/>\n\n\n\n<h2 class=\"wp-block-heading\">\u00dcbersicht: Ungef\u00e4hre Kommuniontermine 2026 nach Bundesl\u00e4ndern<\/h2>\n\n\n\n<figure class=\"wp-block-table\"><table class=\"has-fixed-layout\"><thead><tr><th>Bundesland<\/th><th>Ungef\u00e4hre Termine f\u00fcr Erstkommunion 2026<\/th><\/tr><\/thead><tbody><tr><td>Baden-W\u00fcrttemberg<\/td><td>April bis Mitte Mai 2026<\/td><\/tr><tr><td>Bayern<\/td><td>April bis Mitte Mai 2026<\/td><\/tr><tr><td>Berlin<\/td><td>Mai bis Juni 2026<\/td><\/tr><tr><td>Brandenburg<\/td><td>Mai 2026<\/td><\/tr><tr><td>Bremen<\/td><td>Mai 2026<\/td><\/tr><tr><td>Hamburg<\/td><td>Mai bis Juni 2026<\/td><\/tr><tr><td>Hessen<\/td><td>April bis Mai 2026<\/td><\/tr><tr><td>Mecklenburg-Vorpommern<\/td><td>Mai 2026<\/td><\/tr><tr><td>Niedersachsen<\/td><td>Mai 2026<\/td><\/tr><tr><td>Nordrhein-Westfalen<\/td><td>April bis Mai 2026<\/td><\/tr><tr><td>Rheinland-Pfalz<\/td><td>Mai 2026<\/td><\/tr><tr><td>Saarland<\/td><td>Mai 2026<\/td><\/tr><tr><td>Sachsen<\/td><td>Mai 2026<\/td><\/tr><tr><td>Sachsen-Anhalt<\/td><td>Mai 2026<\/td><\/tr><tr><td>Schleswig-Holstein<\/td><td>Mai 2026<\/td><\/tr><tr><td>Th\u00fcringen<\/td><td>Mai 2026<\/td><\/tr><\/tbody><\/table><\/figure>\n\n\n\n<p>Diese Zeitr\u00e4ume sind Richtwerte aus Erfahrung. Den <strong>exakten Termin f\u00fcr deine Gemeinde<\/strong> bekommst du direkt bei deiner Pfarrei oder auf den Webseiten deines Bistums.<\/p>\n\n\n\n<hr class=\"wp-block-separator has-alpha-channel-opacity\"\/>\n\n\n\n<h2 class=\"wp-block-heading\">Kommunion 2026 NRW<\/h2>\n\n\n\n<p>In Nordrhein-Westfalen wird die <strong>Kommunion 2026 in NRW<\/strong> \u00fcberwiegend im Zeitraum <strong>April bis Mai 2026<\/strong> gefeiert. Viele Gemeinden bieten mehrere Termine an auf verschiedenen Wochenenden.<\/p>\n\n\n\n<p>Da die Gemeinden ihre Termine in der Regel bereits im Jahr vor dem Fest bekannt geben, lohnt es sich, fr\u00fchzeitig bei deiner Kirchengemeinde nachzufragen oder auf der Website des zust\u00e4ndigen Dekanats nachzusehen.<\/p>\n\n\n\n<h2 class=\"wp-block-heading\">Kommunion 2026 Bayern<\/h2>\n\n\n\n<p>Auch in Bayern ist der Zeitraum f\u00fcr die <strong>Kommunion 2026 in Bayern<\/strong> typischerweise <strong>April bis Mitte Mai 2026<\/strong>. In vielen Gemeinden finden die Feiern an mehreren Wochenenden in Folge statt, damit Familienplanung und Organisation leichter m\u00f6glich sind.<\/p>\n\n\n\n<p>Fr\u00fchzeitiges Nachfragen in der Pfarrei hilft dir, den genauen Termin schnell zu erfahren.<\/p>\n\n\n\n<h2 class=\"wp-block-heading\">Wann solltest du mit der Planung beginnen?<\/h2>\n\n\n\n<p>Damit deine Planung f\u00fcr die Kommunion 2026 reibungslos verl\u00e4uft, empfiehlt sich folgender Zeitplan:<\/p>\n\n\n\n<ul class=\"wp-block-list\">\n<li><strong>6 bis 9 Monate vor dem Termin:<\/strong><br>Lege das grobe Datum und die G\u00e4steliste fest, reserviere Location und wichtige Dienstleister.<\/li>\n\n\n\n<li><strong>4 bis 5 Monate vor dem Termin:<\/strong><br>Gestalte und bestelle die <a href=\"https:\/\/tadaaz.de\/de\/kommunion-konfirmation\/einladungskarten-kommunion\">Einladungskarten zur Kommunion<\/a>.<\/li>\n\n\n\n<li><strong>2 bis 3 Monate vor dem Termin:<\/strong><br>Organisiere Dekoration, Men\u00fckarten, Gastgeschenke und sonstige Papeterie.<\/li>\n<\/ul>\n\n\n\n<p>Eine fr\u00fchzeitige Planung reduziert Stress und gibt dir zeitlichen Spielraum f\u00fcr Anpassungen.<\/p>\n\n\n\n<h2 class=\"wp-block-heading\">Einladungskarten zur Kommunion rechtzeitig gestalten<\/h2>\n\n\n\n<p>Ein zentraler Bestandteil der Vorbereitung sind die <strong>Einladungskarten zur Kommunion<\/strong>. Bei Tadaaz findest du eine gro\u00dfe Auswahl an liebevoll gestalteten und personalisierbaren <strong>Einladungen zur Kommunion f\u00fcr M\u00e4dchen und Jungen<\/strong>. Du kannst:<\/p>\n\n\n\n<ul class=\"wp-block-list\">\n<li>Texte, Farben und Schriftarten frei anpassen<\/li>\n\n\n\n<li>Optional ein Foto deines Kindes einf\u00fcgen<\/li>\n\n\n\n<li>Das gew\u00e4hlte Design f\u00fcr Tischkarten, Men\u00fckarten oder Dankeskarten fortf\u00fchren<\/li>\n<\/ul>\n\n\n\n<p>So entsteht ein stimmiges Gesamtbild f\u00fcr eure Feier.<\/p>\n\n\n<div class=\"tdz-productgrid\" data-id=\"1015\" style=\"--tdz-grid-cols: 3;\"><div class=\"tdz-productgrid-block wp-block-column product-card\" data-sku=\"TA1227-2300034-07\"><a href=\"https:\/\/tadaaz.de\/de\/p\/TA1227-2300034-07\/einladung-zur-kommunion-im-greenery-design-mit-eukalyptus\"><picture data-alt=\"Einladung zur Kommunion im Greenery-Design mit Eukalyptus\"><source media=\"(min-width: 960px)\" srcset=\"https:\/\/static.tadaaz.be\/api\/2\/img\/tadprod\/TA1227-2300034-07\/einladung-zur-kommunion-im-greenery-design-mit-eukalyptus-TA1227-2300034-07-1.jpg\/fit?size=404x404&#038;auth=MjIwNzUzNzIxMg__\"><source media=\"(min-width: 600px) and (max-width: 959px)\" srcset=\"https:\/\/static.tadaaz.be\/api\/2\/img\/tadprod\/TA1227-2300034-07\/einladung-zur-kommunion-im-greenery-design-mit-eukalyptus-TA1227-2300034-07-1.jpg\/fit?size=298x298&#038;auth=MjIwNzUzNzIxMg__\"><source media=\"(min-width: 0) and (max-width: 599px)\" srcset=\"https:\/\/static.tadaaz.be\/api\/2\/img\/tadprod\/TA1227-2300034-07\/einladung-zur-kommunion-im-greenery-design-mit-eukalyptus-TA1227-2300034-07-1.jpg\/fit?size=291x291&#038;auth=MjIwNzUzNzIxMg__\"><img decoding=\"async\" src=\"https:\/\/static.tadaaz.be\/api\/2\/img\/tadprod\/TA1227-2300034-07\/einladung-zur-kommunion-im-greenery-design-mit-eukalyptus-TA1227-2300034-07-1.jpg\/fit?size=291x291&#038;auth=MjIwNzUzNzIxMg__\" alt=\"Einladung zur Kommunion im Greenery-Design mit Eukalyptus\" width=\"291\" height=\"291\" loading=\"lazy\" style=\"max-width:100%; height:auto;\"><\/picture><div class=\"product-info\"><p>Einladung zur Kommunion im Greenery-Design mit Eukalyptus<\/p><\/div><\/a><\/div>\n<div class=\"tdz-productgrid-block wp-block-column product-card\" data-sku=\"TA1227-2500018-07\"><a href=\"https:\/\/tadaaz.de\/de\/p\/TA1227-2500018-07\/bogenformige-einladungskarte-zur-kommunion-mit-beigem-band\"><picture data-alt=\"Bogenf\u00f6rmige Einladungskarte zur Kommunion mit beigem Band\"><source media=\"(min-width: 960px)\" srcset=\"https:\/\/static.tadaaz.be\/api\/2\/img\/tadprod\/TA1227-2500018-07\/bogenfoermige-einladungskarte-zur-kommunion-mit-beigem-band-TA1227-2500018-07-1.jpg\/fit?size=404x404&#038;auth=MjIwNzUzNzIxMg__\"><source media=\"(min-width: 600px) and (max-width: 959px)\" srcset=\"https:\/\/static.tadaaz.be\/api\/2\/img\/tadprod\/TA1227-2500018-07\/bogenfoermige-einladungskarte-zur-kommunion-mit-beigem-band-TA1227-2500018-07-1.jpg\/fit?size=298x298&#038;auth=MjIwNzUzNzIxMg__\"><source media=\"(min-width: 0) and (max-width: 599px)\" srcset=\"https:\/\/static.tadaaz.be\/api\/2\/img\/tadprod\/TA1227-2500018-07\/bogenfoermige-einladungskarte-zur-kommunion-mit-beigem-band-TA1227-2500018-07-1.jpg\/fit?size=291x291&#038;auth=MjIwNzUzNzIxMg__\"><img decoding=\"async\" src=\"https:\/\/static.tadaaz.be\/api\/2\/img\/tadprod\/TA1227-2500018-07\/bogenfoermige-einladungskarte-zur-kommunion-mit-beigem-band-TA1227-2500018-07-1.jpg\/fit?size=291x291&#038;auth=MjIwNzUzNzIxMg__\" alt=\"Bogenf\u00f6rmige Einladungskarte zur Kommunion mit beigem Band\" width=\"291\" height=\"291\" loading=\"lazy\" style=\"max-width:100%; height:auto;\"><\/picture><div class=\"product-info\"><p>Bogenf\u00f6rmige Einladungskarte zur Kommunion mit beigem Band<\/p><\/div><\/a><\/div>\n<div class=\"tdz-productgrid-block wp-block-column product-card\" data-sku=\"TA1227-2500011-07\"><a href=\"https:\/\/tadaaz.de\/de\/p\/TA1227-2500011-07\/einladungskarte-zur-kommunion-aus-acryl-mit-blumen\"><picture data-alt=\"Einladungskarte zur Kommunion aus Acryl mit Blumen\"><source media=\"(min-width: 960px)\" srcset=\"https:\/\/static.tadaaz.be\/api\/2\/img\/tadprod\/TA1227-2500011-07\/einladungskarte-zur-kommunion-aus-acryl-mit-blumen-TA1227-2500011-07-1.jpg\/fit?size=404x404&#038;auth=MjIwNzUzNzIxMg__\"><source media=\"(min-width: 600px) and (max-width: 959px)\" srcset=\"https:\/\/static.tadaaz.be\/api\/2\/img\/tadprod\/TA1227-2500011-07\/einladungskarte-zur-kommunion-aus-acryl-mit-blumen-TA1227-2500011-07-1.jpg\/fit?size=298x298&#038;auth=MjIwNzUzNzIxMg__\"><source media=\"(min-width: 0) and (max-width: 599px)\" srcset=\"https:\/\/static.tadaaz.be\/api\/2\/img\/tadprod\/TA1227-2500011-07\/einladungskarte-zur-kommunion-aus-acryl-mit-blumen-TA1227-2500011-07-1.jpg\/fit?size=291x291&#038;auth=MjIwNzUzNzIxMg__\"><img decoding=\"async\" src=\"https:\/\/static.tadaaz.be\/api\/2\/img\/tadprod\/TA1227-2500011-07\/einladungskarte-zur-kommunion-aus-acryl-mit-blumen-TA1227-2500011-07-1.jpg\/fit?size=291x291&#038;auth=MjIwNzUzNzIxMg__\" alt=\"Einladungskarte zur Kommunion aus Acryl mit Blumen\" width=\"291\" height=\"291\" loading=\"lazy\" style=\"max-width:100%; height:auto;\"><\/picture><div class=\"product-info\"><p>Einladungskarte zur Kommunion aus Acryl mit Blumen<\/p><\/div><\/a><\/div>\n<\/div>\n\n\n<h2 class=\"wp-block-heading\">Alles f\u00fcr eure Kommunion &amp; Konfirmation: Einladungen, Deko und Gastgeschenke<br><\/h2>\n\n\n\n<p>Fr\u00fchzeitige Planung, insbesondere der <strong>Einladungskarten zur Kommunion<\/strong>, erleichtert dir die Vorbereitung und schafft Vorfreude auf diesen besonderen Tag. F\u00fcr eure <strong>Kommunion oder Konfirmation<\/strong> bietet Tadaaz eine umfangreiche Auswahl an passender Papeterie und Deko\u2011Elementen, mit denen ihr euren besonderen Tag stilsicher gestalten k\u00f6nnt. Beginnt mit wundersch\u00f6nen <a href=\"https:\/\/tadaaz.de\/de\/kommunion-konfirmation\/einladungskarten-kommunion\"><strong>Einladungskarten zur Kommunion oder Konfirmation<\/strong><\/a>, um eure G\u00e4ste herzlich einzuladen. Erg\u00e4nzt eure Feier mit liebevoll ausgesuchten <a href=\"https:\/\/tadaaz.de\/de\/kommunion-konfirmation\/gastgeschenke\"><strong>Gastgeschenken<\/strong><\/a>, die als Dankesch\u00f6n f\u00fcr eure G\u00e4ste perfekt sind. F\u00fcr ein harmonisches Tischbild findet ihr kreative <a href=\"https:\/\/tadaaz.de\/de\/kommunion-konfirmation\/tischdeko\"><strong>Tischdeko<\/strong><\/a>, die eure Festtafel zum Hingucker macht. Kleine Details wie personalisierte <a href=\"https:\/\/tadaaz.de\/de\/kommunion-konfirmation\/aufkleber\"><strong>Aufkleber<\/strong><\/a> verleihen eurer Papeterie den letzten Schliff, und passende <a href=\"https:\/\/tadaaz.de\/de\/kommunion-konfirmation\/umschlage\"><strong>Umschl\u00e4ge<\/strong><\/a> sorgen daf\u00fcr, dass eure Karten stilvoll \u00fcbergeben werden.<\/p>\n\n\n\n<figure class=\"wp-block-image size-full\"><a href=\"https:\/\/tadaaz.de\/de\/p\/TA1227-2500018-07\/bogenformige-einladungskarte-zur-kommunion-mit-beigem-band\"><img loading=\"lazy\" decoding=\"async\" width=\"724\" height=\"811\" src=\"https:\/\/tadaaz.de\/blog\/wp-content\/uploads\/2026\/01\/Screenshot-2026-01-20-at-11.35.44.png\" alt=\"wann ist kommunion 2026\" class=\"wp-image-114084\" srcset=\"https:\/\/tadaaz.de\/blog\/wp-content\/uploads\/2026\/01\/Screenshot-2026-01-20-at-11.35.44.png 724w, https:\/\/tadaaz.de\/blog\/wp-content\/uploads\/2026\/01\/Screenshot-2026-01-20-at-11.35.44-268x300.png 268w, https:\/\/tadaaz.de\/blog\/wp-content\/uploads\/2026\/01\/Screenshot-2026-01-20-at-11.35.44-89x100.png 89w\" sizes=\"auto, (max-width: 724px) 100vw, 724px\" \/><\/a><\/figure>\n\n\n\n<h2 class=\"wp-block-heading\">Das passende Gastgeschenk f\u00fcr deine Kommunionsg\u00e4ste<\/h2>\n\n\n\n<p>F\u00fcr die <strong>Kommunion<\/strong> ist es eine sch\u00f6ne Geste, den G\u00e4sten mit einem kleinen Pr\u00e4sent \u201eDanke\u201c zu sagen. Das passende Gastgeschenk sollte dabei pers\u00f6nlich, stilvoll und zugleich praktisch sein \u2013 so bleibt die Feier noch lange in Erinnerung. Besonders beliebt sind individuell gestaltete Kleinigkeiten wie personalisierte Schachteln mit S\u00fc\u00dfigkeiten, Kerzen oder kleine Aufmerksamkeiten mit dem Namen des Kommunionkindes und dem Datum des Festes. Bei Tadaaz findest du eine gro\u00dfe Auswahl an liebevoll gestalteten Gastgeschenken, die perfekt auf deine Kommunionpapeterie abgestimmt sind. Ob elegant, verspielt oder modern \u2013 so kannst du deinen G\u00e4sten eine bleibende Erinnerung an diesen besonderen Tag mit auf den Weg geben<\/p>\n\n\n<div class=\"tdz-productgrid\" data-id=\"1016\" style=\"--tdz-grid-cols: 3;\"><div class=\"tdz-productgrid-block wp-block-column product-card\" data-sku=\"TA1223-1800039-07\"><a href=\"https:\/\/tadaaz.de\/de\/p\/TA1223-1800039-07\/stilvolles-tutchen-fur-gastgeschenke-mit-foto-taube\"><picture data-alt=\"Stilvolles T\u00fctchen f\u00fcr Gastgeschenke mit Foto| Taube\"><source media=\"(min-width: 960px)\" srcset=\"https:\/\/static.tadaaz.be\/api\/2\/img\/tadprod\/TA1223-1800039-07\/stilvolles-tuetchen-fuer-gastgeschenke-mit-foto-taube-TA1223-1800039-07-1.jpg\/fit?size=404x404&#038;auth=MjIwNzUzNzIxMg__\"><source media=\"(min-width: 600px) and (max-width: 959px)\" srcset=\"https:\/\/static.tadaaz.be\/api\/2\/img\/tadprod\/TA1223-1800039-07\/stilvolles-tuetchen-fuer-gastgeschenke-mit-foto-taube-TA1223-1800039-07-1.jpg\/fit?size=298x298&#038;auth=MjIwNzUzNzIxMg__\"><source media=\"(min-width: 0) and (max-width: 599px)\" srcset=\"https:\/\/static.tadaaz.be\/api\/2\/img\/tadprod\/TA1223-1800039-07\/stilvolles-tuetchen-fuer-gastgeschenke-mit-foto-taube-TA1223-1800039-07-1.jpg\/fit?size=291x291&#038;auth=MjIwNzUzNzIxMg__\"><img decoding=\"async\" src=\"https:\/\/static.tadaaz.be\/api\/2\/img\/tadprod\/TA1223-1800039-07\/stilvolles-tuetchen-fuer-gastgeschenke-mit-foto-taube-TA1223-1800039-07-1.jpg\/fit?size=291x291&#038;auth=MjIwNzUzNzIxMg__\" alt=\"Stilvolles T\u00fctchen f\u00fcr Gastgeschenke mit Foto| Taube\" width=\"291\" height=\"291\" loading=\"lazy\" style=\"max-width:100%; height:auto;\"><\/picture><div class=\"product-info\"><p>Stilvolles T\u00fctchen f\u00fcr Gastgeschenke mit Foto| Taube<\/p><\/div><\/a><\/div>\n<div class=\"tdz-productgrid-block wp-block-column product-card\" data-sku=\"TA182-279-07\"><a href=\"https:\/\/tadaaz.de\/de\/p\/TA182-279-07\/gastgeschenk-eukalyptus-flocken-tube\"><picture data-alt=\"Gastgeschenk &#039;Eukalyptus Flocken&#039; | Tube\"><source media=\"(min-width: 960px)\" srcset=\"https:\/\/static.tadaaz.be\/api\/2\/img\/tadprod\/TA182-279-07\/gastgeschenk-eukalyptus-flocken-tube-TA182-279-07-1.jpg\/fit?size=404x404&#038;auth=MjIwNzUzNzIxMg__\"><source media=\"(min-width: 600px) and (max-width: 959px)\" srcset=\"https:\/\/static.tadaaz.be\/api\/2\/img\/tadprod\/TA182-279-07\/gastgeschenk-eukalyptus-flocken-tube-TA182-279-07-1.jpg\/fit?size=298x298&#038;auth=MjIwNzUzNzIxMg__\"><source media=\"(min-width: 0) and (max-width: 599px)\" srcset=\"https:\/\/static.tadaaz.be\/api\/2\/img\/tadprod\/TA182-279-07\/gastgeschenk-eukalyptus-flocken-tube-TA182-279-07-1.jpg\/fit?size=291x291&#038;auth=MjIwNzUzNzIxMg__\"><img decoding=\"async\" src=\"https:\/\/static.tadaaz.be\/api\/2\/img\/tadprod\/TA182-279-07\/gastgeschenk-eukalyptus-flocken-tube-TA182-279-07-1.jpg\/fit?size=291x291&#038;auth=MjIwNzUzNzIxMg__\" alt=\"Gastgeschenk &#039;Eukalyptus Flocken&#039; | Tube\" width=\"291\" height=\"291\" loading=\"lazy\" style=\"max-width:100%; height:auto;\"><\/picture><div class=\"product-info\"><p>Gastgeschenk &#039;Eukalyptus Flocken&#039; | Tube<\/p><\/div><\/a><\/div>\n<div class=\"tdz-productgrid-block wp-block-column product-card\" data-sku=\"TA483-138-07\"><a href=\"https:\/\/tadaaz.de\/de\/p\/TA483-138-07\/champagnerfarbene-schokolinsen-als-gastgeschenk-zur-kommunion\"><picture data-alt=\"Champagnerfarbene Schokolinsen als Gastgeschenk zur Kommunion\"><source media=\"(min-width: 960px)\" srcset=\"https:\/\/static.tadaaz.be\/api\/2\/img\/tadprod\/TA483-138-07\/champagnerfarbene-schokolinsen-als-gastgeschenk-zur-kommunion-TA483-138-07-1.jpg\/fit?size=404x404&#038;auth=MjIwNzUzNzIxMg__\"><source media=\"(min-width: 600px) and (max-width: 959px)\" srcset=\"https:\/\/static.tadaaz.be\/api\/2\/img\/tadprod\/TA483-138-07\/champagnerfarbene-schokolinsen-als-gastgeschenk-zur-kommunion-TA483-138-07-1.jpg\/fit?size=298x298&#038;auth=MjIwNzUzNzIxMg__\"><source media=\"(min-width: 0) and (max-width: 599px)\" srcset=\"https:\/\/static.tadaaz.be\/api\/2\/img\/tadprod\/TA483-138-07\/champagnerfarbene-schokolinsen-als-gastgeschenk-zur-kommunion-TA483-138-07-1.jpg\/fit?size=291x291&#038;auth=MjIwNzUzNzIxMg__\"><img decoding=\"async\" src=\"https:\/\/static.tadaaz.be\/api\/2\/img\/tadprod\/TA483-138-07\/champagnerfarbene-schokolinsen-als-gastgeschenk-zur-kommunion-TA483-138-07-1.jpg\/fit?size=291x291&#038;auth=MjIwNzUzNzIxMg__\" alt=\"Champagnerfarbene Schokolinsen als Gastgeschenk zur Kommunion\" width=\"291\" height=\"291\" loading=\"lazy\" style=\"max-width:100%; height:auto;\"><\/picture><div class=\"product-info\"><p>Champagnerfarbene Schokolinsen als Gastgeschenk zur Kommunion<\/p><\/div><\/a><\/div>\n<\/div>\n\n\n<h2 class=\"wp-block-heading\">Danksagungskarten nicht vergessen<\/h2>\n\n\n\n<p>Ihr habt eure Einladungskarten bereits verschickt und freut euch auf einen unvergesslichen Tag \u2013 aber habt ihr auch schon an die <strong><a href=\"https:\/\/tadaaz.de\/de\/kommunion-konfirmation\/dankeskarten-kommunion\">Danksagungskarten<\/a> <\/strong>gedacht? Nach der Kommunion ist es eine sch\u00f6ne Geste, sich bei Familie und Freunden f\u00fcr Gl\u00fcckw\u00fcnsche, Geschenke und die gemeinsame Zeit zu bedanken. Entdeckt bei Tadaaz liebevoll gestaltete Danksagungskarten, die perfekt zu euren Einladungskarten passen und euren besonderen Tag stilvoll abrunden.<\/p>\n\n\n<div class=\"tdz-productgrid\" data-id=\"1038\" style=\"--tdz-grid-cols: 3;\"><div class=\"tdz-productgrid-block wp-block-column product-card\" data-sku=\"TA1228-2400052-07\"><a href=\"https:\/\/tadaaz.de\/de\/p\/TA1228-2400052-07\/dankeskarte-kommunion-mit-foto-mein-tag-minimalistisches-design\"><picture data-alt=\"Dankeskarte Kommunion mit Foto &#039;Mein Tag&#039; | minimalistisches Design\"><source media=\"(min-width: 960px)\" srcset=\"https:\/\/static.tadaaz.be\/api\/2\/img\/tadprod\/TA1228-2400052-07\/dankeskarte-kommunion-mit-foto-mein-tag-minimalistisches-design-TA1228-2400052-07-1.jpg\/fit?size=404x404&#038;auth=MjIwNzUzNzIxMg__\"><source media=\"(min-width: 600px) and (max-width: 959px)\" srcset=\"https:\/\/static.tadaaz.be\/api\/2\/img\/tadprod\/TA1228-2400052-07\/dankeskarte-kommunion-mit-foto-mein-tag-minimalistisches-design-TA1228-2400052-07-1.jpg\/fit?size=298x298&#038;auth=MjIwNzUzNzIxMg__\"><source media=\"(min-width: 0) and (max-width: 599px)\" srcset=\"https:\/\/static.tadaaz.be\/api\/2\/img\/tadprod\/TA1228-2400052-07\/dankeskarte-kommunion-mit-foto-mein-tag-minimalistisches-design-TA1228-2400052-07-1.jpg\/fit?size=291x291&#038;auth=MjIwNzUzNzIxMg__\"><img decoding=\"async\" src=\"https:\/\/static.tadaaz.be\/api\/2\/img\/tadprod\/TA1228-2400052-07\/dankeskarte-kommunion-mit-foto-mein-tag-minimalistisches-design-TA1228-2400052-07-1.jpg\/fit?size=291x291&#038;auth=MjIwNzUzNzIxMg__\" alt=\"Dankeskarte Kommunion mit Foto &#039;Mein Tag&#039; | minimalistisches Design\" width=\"291\" height=\"291\" loading=\"lazy\" style=\"max-width:100%; height:auto;\"><\/picture><div class=\"product-info\"><p>Dankeskarte Kommunion mit Foto &#039;Mein Tag&#039; | minimalistisches Design<\/p><\/div><\/a><\/div>\n<div class=\"tdz-productgrid-block wp-block-column product-card\" data-sku=\"TA1228-1600006-07\"><a href=\"https:\/\/tadaaz.de\/de\/p\/TA1228-1600006-07\/dankeskarte-kommunion-als-filmstreifen-eco-papier\"><picture data-alt=\"Dankeskarte Kommunion als Filmstreifen | Eco-Papier\"><source media=\"(min-width: 960px)\" srcset=\"https:\/\/static.tadaaz.be\/api\/2\/img\/tadprod\/TA1228-1600006-07\/dankeskarte-kommunion-als-filmstreifen-eco-papier-TA1228-1600006-07-1.jpg\/fit?size=404x404&#038;auth=MjIwNzUzNzIxMg__\"><source media=\"(min-width: 600px) and (max-width: 959px)\" srcset=\"https:\/\/static.tadaaz.be\/api\/2\/img\/tadprod\/TA1228-1600006-07\/dankeskarte-kommunion-als-filmstreifen-eco-papier-TA1228-1600006-07-1.jpg\/fit?size=298x298&#038;auth=MjIwNzUzNzIxMg__\"><source media=\"(min-width: 0) and (max-width: 599px)\" srcset=\"https:\/\/static.tadaaz.be\/api\/2\/img\/tadprod\/TA1228-1600006-07\/dankeskarte-kommunion-als-filmstreifen-eco-papier-TA1228-1600006-07-1.jpg\/fit?size=291x291&#038;auth=MjIwNzUzNzIxMg__\"><img decoding=\"async\" src=\"https:\/\/static.tadaaz.be\/api\/2\/img\/tadprod\/TA1228-1600006-07\/dankeskarte-kommunion-als-filmstreifen-eco-papier-TA1228-1600006-07-1.jpg\/fit?size=291x291&#038;auth=MjIwNzUzNzIxMg__\" alt=\"Dankeskarte Kommunion als Filmstreifen | Eco-Papier\" width=\"291\" height=\"291\" loading=\"lazy\" style=\"max-width:100%; height:auto;\"><\/picture><div class=\"product-info\"><p>Dankeskarte Kommunion als Filmstreifen | Eco-Papier<\/p><\/div><\/a><\/div>\n<div class=\"tdz-productgrid-block wp-block-column product-card\" data-sku=\"TA1228-2600066-07\"><a href=\"https:\/\/tadaaz.de\/de\/p\/TA1228-2600066-07\/dankeskarte-zur-kommunion-in-herzform-und-goldfolie\"><picture data-alt=\"Dankeskarte zur Kommunion in Herzform und Goldfolie\"><source media=\"(min-width: 960px)\" srcset=\"https:\/\/static.tadaaz.be\/api\/2\/img\/tadprod\/TA1228-2600066-07\/TA1228-2600066-07-1.jpg\/fit?size=404x404&#038;auth=MjIwNzUzNzIxMg__\"><source media=\"(min-width: 600px) and (max-width: 959px)\" srcset=\"https:\/\/static.tadaaz.be\/api\/2\/img\/tadprod\/TA1228-2600066-07\/TA1228-2600066-07-1.jpg\/fit?size=298x298&#038;auth=MjIwNzUzNzIxMg__\"><source media=\"(min-width: 0) and (max-width: 599px)\" srcset=\"https:\/\/static.tadaaz.be\/api\/2\/img\/tadprod\/TA1228-2600066-07\/TA1228-2600066-07-1.jpg\/fit?size=291x291&#038;auth=MjIwNzUzNzIxMg__\"><img decoding=\"async\" src=\"https:\/\/static.tadaaz.be\/api\/2\/img\/tadprod\/TA1228-2600066-07\/TA1228-2600066-07-1.jpg\/fit?size=291x291&#038;auth=MjIwNzUzNzIxMg__\" alt=\"Dankeskarte zur Kommunion in Herzform und Goldfolie\" width=\"291\" height=\"291\" loading=\"lazy\" style=\"max-width:100%; height:auto;\"><\/picture><div class=\"product-info\"><p>Dankeskarte zur Kommunion in Herzform und Goldfolie<\/p><\/div><\/a><\/div>\n<\/div>","protected":false},"excerpt":{"rendered":"<p>Die Erstkommunion ist ein ganz besonderer Tag im Leben deines Kindes und ein wichtiges Familienfest. Damit du rechtzeitig planen kannst, stellt sich die Frage: Wann ist die Kommunion 2026? In diesem Beitrag erf\u00e4hrst du die ungef\u00e4hren Zeitr\u00e4ume f\u00fcr 2026 in Deutschland, speziell f\u00fcr Kommunion 2026 in NRW, Kommunion 2026 in Bayern und alle anderen Bundesl\u00e4nder. [&hellip;]<\/p>\n","protected":false},"author":69,"featured_media":114099,"comment_status":"open","ping_status":"open","sticky":false,"template":"","format":"standard","meta":{"product_relevance":0,"footnotes":""},"categories":[6169],"tags":[],"class_list":["post-114083","post","type-post","status-publish","format-standard","has-post-thumbnail","hentry","category-kommunion-konfirmation"],"blocksy_meta":[],"yoast_head":"<!-- This site is optimized with the Yoast SEO plugin v26.7 - https:\/\/yoast.com\/wordpress\/plugins\/seo\/ -->\n<title>Wann ist Kommunion 2026? \u2013 Termine &amp; wichtige Infos f\u00fcr die Planung<\/title>\n<meta name=\"description\" content=\"Erfahre, wann die Kommunion 2026 gefeiert wird und welche Termine in deiner Region gelten. Plane rechtzeitig Einladungen und Deko f\u00fcr diesen besonderen Tag.\" \/>\n<meta name=\"robots\" content=\"index, follow, max-snippet:-1, max-image-preview:large, max-video-preview:-1\" \/>\n<link rel=\"canonical\" href=\"https:\/\/tadaaz.de\/blog\/de\/wp-json\/wp\/v2\/posts\/114083\" \/>\n<meta property=\"og:locale\" content=\"de_DE\" \/>\n<meta property=\"og:type\" content=\"article\" \/>\n<meta property=\"og:title\" content=\"Wann ist Kommunion 2026? \u2013 Termine &amp; wichtige Infos f\u00fcr die Planung\" \/>\n<meta property=\"og:description\" content=\"Erfahre, wann die Kommunion 2026 gefeiert wird und welche Termine in deiner Region gelten. Plane rechtzeitig Einladungen und Deko f\u00fcr diesen besonderen Tag.\" \/>\n<meta property=\"og:url\" content=\"https:\/\/tadaaz.de\/blog\/de\/kommunion-konfirmation\/wann-ist-die-kommunion-2026-alle-wichtigen-termine-planungsinfos\/\" \/>\n<meta property=\"og:site_name\" content=\"Tadaaz Blog\" \/>\n<meta property=\"article:published_time\" content=\"2026-01-20T11:39:29+00:00\" \/>\n<meta property=\"article:modified_time\" content=\"2026-03-31T15:37:13+00:00\" \/>\n<meta property=\"og:image\" content=\"https:\/\/tadaaz.de\/blog\/wp-content\/uploads\/2026\/01\/james-coleman-dSbfYNeDeiM-unsplash-scaled.jpg\" \/>\n\t<meta property=\"og:image:width\" content=\"2560\" \/>\n\t<meta property=\"og:image:height\" content=\"1707\" \/>\n\t<meta property=\"og:image:type\" content=\"image\/jpeg\" \/>\n<meta name=\"author\" content=\"Milan\" \/>\n<meta name=\"twitter:card\" content=\"summary_large_image\" \/>\n<meta name=\"twitter:label1\" content=\"Verfasst von\" \/>\n\t<meta name=\"twitter:data1\" content=\"Milan\" \/>\n\t<meta name=\"twitter:label2\" content=\"Gesch\u00e4tzte Lesezeit\" \/>\n\t<meta name=\"twitter:data2\" content=\"5\u00a0Minuten\" \/>\n<!-- \/ Yoast SEO plugin. -->","yoast_head_json":{"title":"Wann ist Kommunion 2026? \u2013 Termine & wichtige Infos f\u00fcr die Planung","description":"Erfahre, wann die Kommunion 2026 gefeiert wird und welche Termine in deiner Region gelten. Plane rechtzeitig Einladungen und Deko f\u00fcr diesen besonderen Tag.","robots":{"index":"index","follow":"follow","max-snippet":"max-snippet:-1","max-image-preview":"max-image-preview:large","max-video-preview":"max-video-preview:-1"},"canonical":"https:\/\/tadaaz.de\/blog\/de\/wp-json\/wp\/v2\/posts\/114083","og_locale":"de_DE","og_type":"article","og_title":"Wann ist Kommunion 2026? \u2013 Termine & wichtige Infos f\u00fcr die Planung","og_description":"Erfahre, wann die Kommunion 2026 gefeiert wird und welche Termine in deiner Region gelten. Plane rechtzeitig Einladungen und Deko f\u00fcr diesen besonderen Tag.","og_url":"https:\/\/tadaaz.de\/blog\/de\/kommunion-konfirmation\/wann-ist-die-kommunion-2026-alle-wichtigen-termine-planungsinfos\/","og_site_name":"Tadaaz Blog","article_published_time":"2026-01-20T11:39:29+00:00","article_modified_time":"2026-03-31T15:37:13+00:00","og_image":[{"width":2560,"height":1707,"url":"https:\/\/tadaaz.de\/blog\/wp-content\/uploads\/2026\/01\/james-coleman-dSbfYNeDeiM-unsplash-scaled.jpg","type":"image\/jpeg"}],"author":"Milan","twitter_card":"summary_large_image","twitter_misc":{"Verfasst von":"Milan","Gesch\u00e4tzte Lesezeit":"5\u00a0Minuten"},"schema":{"@context":"https:\/\/schema.org","@graph":[{"@type":"Article","@id":"https:\/\/tadaaz.de\/blog\/de\/kommunion-konfirmation\/wann-ist-die-kommunion-2026-alle-wichtigen-termine-planungsinfos\/#article","isPartOf":{"@id":"https:\/\/tadaaz.de\/blog\/de\/kommunion-konfirmation\/wann-ist-die-kommunion-2026-alle-wichtigen-termine-planungsinfos\/"},"author":{"name":"Milan","@id":"https:\/\/tadaaz.nl\/blog\/nl\/#\/schema\/person\/1c25d08736fc5b19b7b92fabab750bf4"},"headline":"Wann ist die Kommunion 2026? Alle wichtigen Termine &#038; Planungsinfos","datePublished":"2026-01-20T11:39:29+00:00","dateModified":"2026-03-31T15:37:13+00:00","mainEntityOfPage":{"@id":"https:\/\/tadaaz.de\/blog\/de\/kommunion-konfirmation\/wann-ist-die-kommunion-2026-alle-wichtigen-termine-planungsinfos\/"},"wordCount":795,"commentCount":0,"publisher":{"@id":"https:\/\/tadaaz.nl\/blog\/nl\/#organization"},"image":{"@id":"https:\/\/tadaaz.de\/blog\/de\/kommunion-konfirmation\/wann-ist-die-kommunion-2026-alle-wichtigen-termine-planungsinfos\/#primaryimage"},"thumbnailUrl":"https:\/\/tadaaz.de\/blog\/wp-content\/uploads\/2026\/01\/james-coleman-dSbfYNeDeiM-unsplash-scaled.jpg","articleSection":["Kommunion &amp; konfirmation"],"inLanguage":"de","potentialAction":[{"@type":"CommentAction","name":"Comment","target":["https:\/\/tadaaz.de\/blog\/de\/kommunion-konfirmation\/wann-ist-die-kommunion-2026-alle-wichtigen-termine-planungsinfos\/#respond"]}]},{"@type":"WebPage","@id":"https:\/\/tadaaz.de\/blog\/de\/kommunion-konfirmation\/wann-ist-die-kommunion-2026-alle-wichtigen-termine-planungsinfos\/","url":"https:\/\/tadaaz.de\/blog\/de\/kommunion-konfirmation\/wann-ist-die-kommunion-2026-alle-wichtigen-termine-planungsinfos\/","name":"Wann ist Kommunion 2026? \u2013 Termine & wichtige Infos f\u00fcr die Planung","isPartOf":{"@id":"https:\/\/tadaaz.nl\/blog\/nl\/#website"},"primaryImageOfPage":{"@id":"https:\/\/tadaaz.de\/blog\/de\/kommunion-konfirmation\/wann-ist-die-kommunion-2026-alle-wichtigen-termine-planungsinfos\/#primaryimage"},"image":{"@id":"https:\/\/tadaaz.de\/blog\/de\/kommunion-konfirmation\/wann-ist-die-kommunion-2026-alle-wichtigen-termine-planungsinfos\/#primaryimage"},"thumbnailUrl":"https:\/\/tadaaz.de\/blog\/wp-content\/uploads\/2026\/01\/james-coleman-dSbfYNeDeiM-unsplash-scaled.jpg","datePublished":"2026-01-20T11:39:29+00:00","dateModified":"2026-03-31T15:37:13+00:00","description":"Erfahre, wann die Kommunion 2026 gefeiert wird und welche Termine in deiner Region gelten. Plane rechtzeitig Einladungen und Deko f\u00fcr diesen besonderen Tag.","inLanguage":"de","potentialAction":[{"@type":"ReadAction","target":["https:\/\/tadaaz.de\/blog\/de\/kommunion-konfirmation\/wann-ist-die-kommunion-2026-alle-wichtigen-termine-planungsinfos\/"]}]},{"@type":"ImageObject","inLanguage":"de","@id":"https:\/\/tadaaz.de\/blog\/de\/kommunion-konfirmation\/wann-ist-die-kommunion-2026-alle-wichtigen-termine-planungsinfos\/#primaryimage","url":"https:\/\/tadaaz.de\/blog\/wp-content\/uploads\/2026\/01\/james-coleman-dSbfYNeDeiM-unsplash-scaled.jpg","contentUrl":"https:\/\/tadaaz.de\/blog\/wp-content\/uploads\/2026\/01\/james-coleman-dSbfYNeDeiM-unsplash-scaled.jpg","width":2560,"height":1707},{"@type":"WebSite","@id":"https:\/\/tadaaz.nl\/blog\/nl\/#website","url":"https:\/\/tadaaz.nl\/blog\/nl\/","name":"Tadaaz Blog","description":"","publisher":{"@id":"https:\/\/tadaaz.nl\/blog\/nl\/#organization"},"potentialAction":[{"@type":"SearchAction","target":{"@type":"EntryPoint","urlTemplate":"https:\/\/tadaaz.nl\/blog\/nl\/?s={search_term_string}"},"query-input":{"@type":"PropertyValueSpecification","valueRequired":true,"valueName":"search_term_string"}}],"inLanguage":"de"},{"@type":"Organization","@id":"https:\/\/tadaaz.nl\/blog\/nl\/#organization","name":"Tadaaz Blog","url":"https:\/\/tadaaz.nl\/blog\/nl\/","logo":{"@type":"ImageObject","inLanguage":"de","@id":"https:\/\/tadaaz.nl\/blog\/nl\/#\/schema\/logo\/image\/","url":"https:\/\/tadaaz.de\/blog\/wp-content\/uploads\/2023\/02\/TADAAZ_LOGO_RGB_BLOG.svg","contentUrl":"https:\/\/tadaaz.de\/blog\/wp-content\/uploads\/2023\/02\/TADAAZ_LOGO_RGB_BLOG.svg","caption":"Tadaaz Blog"},"image":{"@id":"https:\/\/tadaaz.nl\/blog\/nl\/#\/schema\/logo\/image\/"}},{"@type":"Person","@id":"https:\/\/tadaaz.nl\/blog\/nl\/#\/schema\/person\/1c25d08736fc5b19b7b92fabab750bf4","name":"Milan","image":{"@type":"ImageObject","inLanguage":"de","@id":"https:\/\/tadaaz.nl\/blog\/nl\/#\/schema\/person\/image\/","url":"https:\/\/secure.gravatar.com\/avatar\/9f6bb11e28f49bd9b77db7e46c0f68ca0277f11a83c46317a73d3f41293f1d36?s=96&d=mm&r=g","contentUrl":"https:\/\/secure.gravatar.com\/avatar\/9f6bb11e28f49bd9b77db7e46c0f68ca0277f11a83c46317a73d3f41293f1d36?s=96&d=mm&r=g","caption":"Milan"},"description":"F\u00fcr ein richtiges Fest bin ich immer zu haben! Ich liebe es zu feiern und besondere Momente mit anderen zu teilen. Es begeistert mich, Menschen zusammenzubringen und aus jedem Anlass etwas ganz Besonderes zu machen. Mit kreativen Ideen, praktischen Tipps und viel Gesp\u00fcr f\u00fcr Details helfe ich dir, deine Feiern unvergesslich zu machen.","url":"https:\/\/tadaaz.de\/blog\/de\/author\/milan-baert\/"}]}},"_links":{"self":[{"href":"https:\/\/tadaaz.de\/blog\/de\/wp-json\/wp\/v2\/posts\/114083","targetHints":{"allow":["GET"]}}],"collection":[{"href":"https:\/\/tadaaz.de\/blog\/de\/wp-json\/wp\/v2\/posts"}],"about":[{"href":"https:\/\/tadaaz.de\/blog\/de\/wp-json\/wp\/v2\/types\/post"}],"author":[{"embeddable":true,"href":"https:\/\/tadaaz.de\/blog\/de\/wp-json\/wp\/v2\/users\/69"}],"replies":[{"embeddable":true,"href":"https:\/\/tadaaz.de\/blog\/de\/wp-json\/wp\/v2\/comments?post=114083"}],"version-history":[{"count":2,"href":"https:\/\/tadaaz.de\/blog\/de\/wp-json\/wp\/v2\/posts\/114083\/revisions"}],"predecessor-version":[{"id":114910,"href":"https:\/\/tadaaz.de\/blog\/de\/wp-json\/wp\/v2\/posts\/114083\/revisions\/114910"}],"wp:featuredmedia":[{"embeddable":true,"href":"https:\/\/tadaaz.de\/blog\/de\/wp-json\/wp\/v2\/media\/114099"}],"wp:attachment":[{"href":"https:\/\/tadaaz.de\/blog\/de\/wp-json\/wp\/v2\/media?parent=114083"}],"wp:term":[{"taxonomy":"category","embeddable":true,"href":"https:\/\/tadaaz.de\/blog\/de\/wp-json\/wp\/v2\/categories?post=114083"},{"taxonomy":"post_tag","embeddable":true,"href":"https:\/\/tadaaz.de\/blog\/de\/wp-json\/wp\/v2\/tags?post=114083"}],"curies":[{"name":"wp","href":"https:\/\/api.w.org\/{rel}","templated":true}]}}